{"id":710,"date":"2021-04-10T22:31:32","date_gmt":"2021-04-10T22:31:32","guid":{"rendered":"https:\/\/datarebus.com\/?p=710"},"modified":"2021-04-11T14:45:43","modified_gmt":"2021-04-11T14:45:43","slug":"et-ile-kirmizi-sarap-ve-dijital-donusum","status":"publish","type":"post","link":"https:\/\/datarebus.com\/index.php\/2021\/04\/10\/et-ile-kirmizi-sarap-ve-dijital-donusum\/","title":{"rendered":"Et ile K\u0131rm\u0131z\u0131 \u015earap ve Dijital D\u00f6n\u00fc\u015f\u00fcm"},"content":{"rendered":"\n<h3>Yaz\u0131m\u0131z alkol i\u00e7erdi\u011fi i\u00e7in bundan sonras\u0131na 18 ya\u015f\u0131nda b\u00fcy\u00fckler devam edebilir. \ud83d\ude42<\/h3>\n\n\n\n<p>Y\u0131llar \u00f6ncesinde Fransa\u2019da bir i\u015f yeme\u011findeyiz, sipari\u015flerimizi veriyoruz baz\u0131 arkada\u015flar\u0131n k\u0131rm\u0131z\u0131 et ile beyaz \u015farap s\u00f6ylediklerini fark ettim. \u00c7\u00fcnk\u00fc yemek \u00f6ncesinde biraz beyaz \u015farap i\u00e7mi\u015flerdi. Neyse konuyu uzatmayal\u0131m \u00f6\u011frendim ki asl\u0131nda k\u0131rm\u0131z\u0131 et ile k\u0131rm\u0131z\u0131 \u015farap sadece gurmelerin \u00f6nerdi\u011fi bir durum yani illa bunu yapman\u0131z gerekmiyor. Keyfinize kalm\u0131\u015f ama gurmelerin \u00f6nerisi bu \u015fekilde. T\u00fcrkiye\u2019de ise bu bir kural. Eminim ki bu inan\u0131\u015f\u0131n tersini yapt\u0131\u011f\u0131n\u0131zda garson, en az\u0131ndan yak\u0131n arkada\u015flar\u0131n\u0131z\u0131n k\u00fc\u00e7\u00fcmseyici bak\u0131\u015flar\u0131 ile kar\u015f\u0131la\u015facaks\u0131n\u0131z.<\/p>\n\n\n\n<p>Bu arada veri bilimi konusunda \u00f6\u011frenmeye \u00e7al\u0131\u015fan birisi olarak izledi\u011fim t\u00fcm e\u011fitimlerde ya da \u00f6rneklerde genel olarak \u015fu e\u015fle\u015fmeler var: Makarna al\u0131yor ise peynir mi, ket\u00e7ap m\u0131? S\u00fct al\u0131yor ise yumurta da al\u0131r m\u0131? Evet bunlar\u0131n istatiksel olarak kar\u015f\u0131l\u0131klar\u0131 var ama sonu\u00e7ta ge\u00e7mi\u015f veri i\u015flenerek ve daha genel olan uygulamalar bizlere \u00f6neriliyor.<\/p>\n\n\n\n<p>Hayat tarz\u0131 olarak daha do\u011frusu sosyolojik olarak konuyu uzun uzun tart\u0131\u015fabiliriz. Ama ben kendimin de dahil oldu\u011fu konuya atlamak istiyorum. Peki, t\u00fcm d\u00fcnya dijital d\u00f6n\u00fc\u015f\u00fcm\u00fcn\u00fc tamamlarsa ne olacak?<\/p>\n\n\n\n<p>Severek dahil oldu\u011fum DEX CENTER\u2019\u0131n dijital d\u00f6n\u00fc\u015f\u00fcm tarifine bir bakal\u0131m:<\/p>\n\n\n\n<blockquote class=\"wp-block-quote\"><p>\u201c\u0130\u015fletmelerin verimlilik, kalite, \u00f6l\u00e7\u00fclebilirlik, esneklik, izlenebilirlik ve \u00e7evreye duyarl\u0131l\u0131k hedeflerini ger\u00e7ekle\u015ftirebilmesi i\u00e7in, kurum k\u00fclt\u00fcr\u00fcnde, i\u015f modelinde, bili\u015fim altyap\u0131s\u0131nda ve uygulamalar\u0131nda gerekli de\u011fi\u015fimi sa\u011flamas\u0131 ve i\u015f s\u00fcre\u00e7lerinin dijital ortamda y\u00fcr\u00fct\u00fclebilir hale getirmesi giri\u015fimi ve yat\u0131r\u0131mlar b\u00fct\u00fcn\u00fcd\u00fcr.\u201d<\/p><\/blockquote>\n\n\n\n<p>&nbsp;Yani, k\u0131saca t\u00fcm sistemlerin g\u00f6zlenebilir oldu\u011fu, verinin dijital ortamlarda s\u0131n\u0131rs\u0131zca(!) payla\u015f\u0131ld\u0131\u011f\u0131, de\u011fi\u015fimlerin an\u0131nda alg\u0131land\u0131\u011f\u0131, analiz edildi\u011fi ve h\u0131zl\u0131ca karar al\u0131nd\u0131\u011f\u0131 daha da \u00f6nemlisi bu kararlar\u0131n h\u0131zl\u0131ca uygulanabildi\u011fi strateji ve insan kaynaklar\u0131 yap\u0131s\u0131na ve beceresine sahip firmalar. \u00c7ok daha k\u0131sacas\u0131 \u201c<strong><em><u>karanl\u0131k fabrika<\/u><\/em><\/strong>\u201d<\/p>\n\n\n\n<p>Peki, t\u00fcm d\u00fcnya karanl\u0131k fabrika olarak \u00e7al\u0131\u015f\u0131rsa ve ilk paragraflarda anlat\u0131lan konulara da de\u011finerek tekrar d\u00fc\u015f\u00fcnelim. T\u00fcm sistemler g\u00f6zlemleniyor, s\u00fcre\u00e7ler en m\u00fckemmel hale getirilmi\u015f, rekabetteki bir de\u011fi\u015fime an\u0131nda tepki veriliyor ve sistem dengeleniyor. Ama k\u0131rm\u0131z\u0131 et \u00f6rne\u011finde oldu\u011fu gibi \u00f6neriler hep k\u0131rm\u0131z\u0131 \u015farap m\u0131 olacak? Bu durumda pratik \u00e7\u00f6z\u00fcmler, firmalar\u0131n y\u0131llarca biriktirdikleri know-how\u2019a dayal\u0131 kararlar kaybolmaya ba\u015flayacak. Yapay zeka, karar destek sistemlerinde ba\u015f role oturunca insanlar \u00f6nerilen kararlar\u0131 uygulamak zorunda hissedecek. Tam tersine inisiyatif al\u0131p \u00f6neri d\u0131\u015f\u0131na \u00e7\u0131k\u0131l\u0131rsa ve bunun \u00fczerine ba\u015far\u0131s\u0131z olursa bunun bir savunmas\u0131 olabilir mi? Direkt olarak i\u015ften \u00e7\u0131kartma nedeni&#8230;<\/p>\n\n\n\n<p>San\u0131r\u0131m robotlar hayat\u0131m\u0131z\u0131 ele ge\u00e7irmek ile kalmayacak bizleri de robotla\u015ft\u0131racak.&nbsp;<\/p>\n\n\n\n<p>\u00d6mer Zeybek<\/p>\n","protected":false},"excerpt":{"rendered":"<p>Yaz\u0131m\u0131z alkol i\u00e7erdi\u011fi i\u00e7in bundan sonras\u0131na 18 ya\u015f\u0131nda b\u00fcy\u00fckler devam edebilir. \ud83d\ude42 Y\u0131llar \u00f6ncesinde Fransa\u2019da bir i\u015f yeme\u011findeyiz, sipari\u015flerimizi veriyoruz baz\u0131 arkada\u015flar\u0131n k\u0131rm\u0131z\u0131 et ile beyaz \u015farap s\u00f6ylediklerini fark ettim. \u00c7\u00fcnk\u00fc yemek \u00f6ncesinde biraz beyaz \u015farap i\u00e7mi\u015flerdi. Neyse konuyu uzatmayal\u0131m \u00f6\u011frendim ki asl\u0131nda k\u0131rm\u0131z\u0131 et ile k\u0131rm\u0131z\u0131 \u015farap sadece gurmelerin \u00f6nerdi\u011fi bir durum yani illa [&hellip;]<\/p>\n","protected":false},"author":1,"featured_media":711,"comment_status":"open","ping_status":"open","sticky":false,"template":"","format":"standard","meta":[],"categories":[14,15,4],"tags":[],"_links":{"self":[{"href":"https:\/\/datarebus.com\/index.php\/wp-json\/wp\/v2\/posts\/710"}],"collection":[{"href":"https:\/\/datarebus.com\/index.php\/wp-json\/wp\/v2\/posts"}],"about":[{"href":"https:\/\/datarebus.com\/index.php\/wp-json\/wp\/v2\/types\/post"}],"author":[{"embeddable":true,"href":"https:\/\/datarebus.com\/index.php\/wp-json\/wp\/v2\/users\/1"}],"replies":[{"embeddable":true,"href":"https:\/\/datarebus.com\/index.php\/wp-json\/wp\/v2\/comments?post=710"}],"version-history":[{"count":1,"href":"https:\/\/datarebus.com\/index.php\/wp-json\/wp\/v2\/posts\/710\/revisions"}],"predecessor-version":[{"id":712,"href":"https:\/\/datarebus.com\/index.php\/wp-json\/wp\/v2\/posts\/710\/revisions\/712"}],"wp:featuredmedia":[{"embeddable":true,"href":"https:\/\/datarebus.com\/index.php\/wp-json\/wp\/v2\/media\/711"}],"wp:attachment":[{"href":"https:\/\/datarebus.com\/index.php\/wp-json\/wp\/v2\/media?parent=710"}],"wp:term":[{"taxonomy":"category","embeddable":true,"href":"https:\/\/datarebus.com\/index.php\/wp-json\/wp\/v2\/categories?post=710"},{"taxonomy":"post_tag","embeddable":true,"href":"https:\/\/datarebus.com\/index.php\/wp-json\/wp\/v2\/tags?post=710"}],"curies":[{"name":"wp","href":"https:\/\/api.w.org\/{rel}","templated":true}]}}